{"id":92917,"date":"2026-04-07T02:35:38","date_gmt":"2026-04-07T01:35:38","guid":{"rendered":"https:\/\/flameanalytics.com\/?p=92917"},"modified":"2026-04-15T13:23:02","modified_gmt":"2026-04-15T12:23:02","slug":"flame-talks-2026-4a-edicion-centros-comerciales-y-retail-del-dato-al-agente-de-ia-para-crecer-juntos","status":"publish","type":"post","link":"https:\/\/flameanalytics.com\/es\/flame-talks-2026-4a-edicion-centros-comerciales-y-retail-del-dato-al-agente-de-ia-para-crecer-juntos\/","title":{"rendered":"Flame Talks 2026 &#8211; 4\u00aa Edici\u00f3n: Centros Comerciales y Retail: del dato al agente de IA para crecer juntos"},"content":{"rendered":"<p><!-- ========== CONTENIDO MEJORADO ========== --><\/p>\n<p>Madrid acoger\u00e1 el pr\u00f3ximo <b>jueves 7 de mayo de 2026<\/b> la cuarta edici\u00f3n de <b>Flame Talks 2026<\/b>, un encuentro clave para profesionales del sector retail y centros comerciales que buscan entender c\u00f3mo la inteligencia artificial est\u00e1 transformando el negocio y generando nuevas oportunidades de crecimiento conjunto.<\/p>\n<p>El evento tendr\u00e1 lugar en el espacio <b>Green Patio, Sala 25<\/b> (Calle Salamanca, 23, Tetu\u00e1n, Madrid), y reunir\u00e1 a destacados l\u00edderes del sector que compartir\u00e1n su visi\u00f3n sobre la evoluci\u00f3n del retail hacia modelos impulsados por datos y agentes de IA.<\/p>\n<p>Este a\u00f1o contamos con la participaci\u00f3n de cuatro ponentes de referencia:<\/p>\n<ul>\n<li><b>Gonzalo G\u00f3mez Garde<\/b> \u2013 Managing Director en <b>Gentalia<\/b><\/li>\n<li><b>Antonio Rodr\u00edguez de la Paz<\/b> \u2013 Head of Retail Operations en <b>MR DIY<\/b> Spain<\/li>\n<li><b>V\u00edctor Fern\u00e1ndez Zapata<\/b> \u2013 Head of Asset Management en <b>Merlin Properties<\/b><\/li>\n<li><b>Juan Manuel Lema<\/b> \u2013 Co-Owner de <b>Chalito<\/b><\/li>\n<\/ul>\n<p>&nbsp;<\/p>\n<p>Flame Talks, ya en su cuarta edici\u00f3n, se consolida como un encuentro imprescindible para los profesionales del sector de los centros comerciales y retail, tras el \u00e9xito de sus anteriores ediciones. \u00a1\u00danete para descubrir las claves del futuro del sector en una experiencia \u00fanica!<\/p>\n<p><!-- CTA 1 --><\/p>\n<div style=\"background: linear-gradient(135deg, #15163A 0%, #1e2054 100%); border-radius: 16px; padding: 40px 36px; text-align: center; margin: 48px 0;\">\n<p style=\"font-size: 22px; font-weight: bold; color: #ffffff; margin: 0 0 8px 0; line-height: 1.3;\">\u00bfQuieres ser parte de Flame Talks 2026?<\/p>\n<p style=\"font-size: 16px; color: rgba(255,255,255,0.75); margin: 0 0 24px 0;\">Plazas limitadas. Inscr\u00edbete ahora y reserva la tuya.<\/p>\n<p><a style=\"display: inline-block; background: #31B1F8; color: #ffffff; font-size: 16px; font-weight: 600; padding: 14px 40px; border-radius: 30px; text-decoration: none;\" href=\"https:\/\/flameanalytics.com\/es\/flame-eventos\/\">Inscr\u00edbete aqu\u00ed<\/a><\/p>\n<\/div>\n<p>&nbsp;<\/p>\n<p><!-- Detalles del evento --><\/p>\n<h2 style=\"margin-top: 48px;\"><\/h2>\n<p><img fetchpriority=\"high\" decoding=\"async\" class=\"size-full wp-image-93513\" src=\"https:\/\/flameanalytics.com\/wp-content\/uploads\/2026\/04\/Cabecera-LinkedIn-Evento-6.png\" alt=\"Flame Talks 2026\" width=\"1920\" height=\"1080\" srcset=\"https:\/\/flameanalytics.com\/wp-content\/uploads\/2026\/04\/Cabecera-LinkedIn-Evento-6.png 1920w, https:\/\/flameanalytics.com\/wp-content\/uploads\/2026\/04\/Cabecera-LinkedIn-Evento-6-300x169.png 300w, https:\/\/flameanalytics.com\/wp-content\/uploads\/2026\/04\/Cabecera-LinkedIn-Evento-6-1030x579.png 1030w, https:\/\/flameanalytics.com\/wp-content\/uploads\/2026\/04\/Cabecera-LinkedIn-Evento-6-768x432.png 768w, https:\/\/flameanalytics.com\/wp-content\/uploads\/2026\/04\/Cabecera-LinkedIn-Evento-6-1536x864.png 1536w\" sizes=\"(max-width: 1920px) 100vw, 1920px\" \/><\/p>\n<h2 style=\"margin-top: 48px;\">Detalles del evento<\/h2>\n<div style=\"background: #f8fafc; border-radius: 12px; padding: 28px 24px; margin: 16px 0 40px;\">\n<div style=\"display: flex; align-items: flex-start; gap: 12px; margin-bottom: 16px;\">\n<div><strong><span style=\"font-size: 20px;\">\ud83d\udcc5 <\/span>Fecha:<\/strong> Jueves 7 de mayo de 2026<\/div>\n<\/div>\n<div style=\"display: flex; align-items: flex-start; gap: 12px; margin-bottom: 16px;\">\n<div><strong><span style=\"font-size: 20px;\">\ud83d\udd50 <\/span>Hora:<\/strong> 17:00 h<\/div>\n<\/div>\n<div style=\"display: flex; align-items: flex-start; gap: 12px;\">\n<div><strong><span style=\"font-size: 20px;\">\ud83d\udccd <\/span>Lugar:<\/strong> Espacio Green Patio, Sala 25 \u2014 <a style=\"color: #31b1f8;\" href=\"https:\/\/www.google.com\/maps\/place\/Green+Patio\/@40.4539408,-3.7000008,17z\/\" target=\"_blank\" rel=\"noopener\">C. de Salamanca, 23, Tetu\u00e1n, 28020 Madrid<\/a><\/div>\n<\/div>\n<\/div>\n<p><!-- Ponentes --><\/p>\n<h2 style=\"margin-top: 48px;\">Ponentes<\/h2>\n<div style=\"border-left: 3px solid #31B1F8; padding-left: 20px; margin-bottom: 36px;\">\n<p style=\"margin: 0 0 4px;\"><b>Gonzalo G\u00f3mez Garde \u2013 Gentalia<\/b><\/p>\n<p style=\"color: #5f6f82; margin: 0;\">Gonzalo G\u00f3mez Garde es Managing Director de Gentalia y cuenta con una s\u00f3lida trayectoria de m\u00e1s de 15 a\u00f1os en el sector del retail y el real estate. Desde su incorporaci\u00f3n en 2015, ha desempe\u00f1ado un papel clave en el crecimiento de la compa\u00f1\u00eda, liderando \u00e1reas como el desarrollo de negocio, comercializaci\u00f3n y gesti\u00f3n de activos comerciales. Actualmente dirige la estrategia global de Gentalia, impulsando la creaci\u00f3n de valor en portfolios de centros y parques comerciales en toda Espa\u00f1a. A lo largo de su carrera ha trabajado en firmas como Soci\u00e9t\u00e9 G\u00e9n\u00e9rale, Aguirre Newman, Knight Frank y Riofisa. Es Consejero de Vivia, plataforma de gesti\u00f3n integral de alquiler residencial, y miembro de la Junta Directiva de la AECC.<\/p>\n<\/div>\n<div style=\"border-left: 3px solid #31B1F8; padding-left: 20px; margin-bottom: 36px;\">\n<p style=\"margin: 0 0 4px;\"><b>Antonio Rodr\u00edguez de la Paz \u2013 MR DIY<\/b><\/p>\n<p style=\"color: #5f6f82; margin: 0;\">Antonio Rodr\u00edguez de la Paz es Head of Retail Operations en MR DIY Spain, donde lidera las operaciones del negocio con foco en expansi\u00f3n, gesti\u00f3n de equipos y optimizaci\u00f3n de procesos dentro del mercado espa\u00f1ol. Cuenta con una s\u00f3lida trayectoria en el sector retail, habiendo desempe\u00f1ado cargos de responsabilidad en compa\u00f1\u00edas l\u00edderes como Douglas y The Body Shop Iberia, donde contribuy\u00f3 al crecimiento de la marca y al desarrollo de estrategias comerciales efectivas. Su experiencia combina direcci\u00f3n operativa con visi\u00f3n estrat\u00e9gica para impulsar la consolidaci\u00f3n y crecimiento de formatos retail en entornos competitivos.<\/p>\n<\/div>\n<div style=\"border-left: 3px solid #31B1F8; padding-left: 20px; margin-bottom: 36px;\">\n<p style=\"margin: 0 0 4px;\"><b>V\u00edctor Fern\u00e1ndez Zapata \u2013 Merlin Properties<\/b><\/p>\n<p style=\"color: #5f6f82; margin: 0;\">V\u00edctor Fern\u00e1ndez Zapata es Head of Asset Management en Merlin Properties, donde dirige la estrategia de gesti\u00f3n y rendimiento de una amplia cartera de centros comerciales. Con una dilatada trayectoria en real estate, acumula experiencia en optimizaci\u00f3n de activos, maximizaci\u00f3n de ingresos y desarrollo de proyectos que responden a las nuevas din\u00e1micas del mercado. A lo largo de su carrera ha participado en procesos de reposicionamiento y transformaci\u00f3n de espacios comerciales para adaptarlos a las necesidades de clientes y operadores. Su enfoque combina an\u00e1lisis financiero con visi\u00f3n operativa para generar valor sostenible en el sector inmobiliario.<\/p>\n<\/div>\n<div style=\"border-left: 3px solid #31B1F8; padding-left: 20px; margin-bottom: 36px;\">\n<p style=\"margin: 0 0 4px;\"><b>Joaqu\u00edn Martos \u2013 Grupo Chalito<\/b><\/p>\n<p style=\"color: #5f6f82; margin: 0;\">Joaqu\u00edn Martos se ha consolidado como el principal impulsor operativo del crecimiento de Chalito, liderando su expansi\u00f3n de 5 a 24 locales en apenas dieciocho meses. Su visi\u00f3n estrat\u00e9gica y enfoque en la excelencia han permitido escalar el negocio a gran velocidad sin perder la esencia artesanal de la marca, gracias a una s\u00f3lida estandarizaci\u00f3n de procesos y una acertada gesti\u00f3n del talento. Como Director de Operaciones, ha transformado la rentabilidad y sostenibilidad del grupo mediante un control riguroso de los costes de Food &amp; Beverage, sentando las bases de una expansi\u00f3n eficiente. Su capacidad para equilibrar la complejidad operativa con la atenci\u00f3n al detalle lo posiciona como una figura clave en el presente y futuro de la compa\u00f1\u00eda.<\/p>\n<\/div>\n<p><!-- Mesa redonda --><\/p>\n<h2 style=\"margin-top: 48px;\">Contenido de la mesa redonda<\/h2>\n<p>En la cuarta edici\u00f3n de <b>Flame Talks<\/b>, bajo la tem\u00e1tica <b>\u00abCentros Comerciales y Retail: del dato al agente de IA para crecer juntos\u00bb<\/b>, se reunir\u00e1 a destacados l\u00edderes del sector para analizar c\u00f3mo la integraci\u00f3n de datos y herramientas de inteligencia artificial est\u00e1 transformando la colaboraci\u00f3n entre centros comerciales y el sector retail, en un contexto de constante cambio y evoluci\u00f3n.<\/p>\n<p>La sesi\u00f3n ser\u00e1 moderada por <b>Oscar Garc\u00eda Mar\u00edn<\/b>, Chief Sales Officer en <b>Flame Analytics<\/b>, quien aportar\u00e1 su experiencia para guiar un debate din\u00e1mico, centrado en los principales retos y oportunidades del mercado.<\/p>\n<p>Durante la mesa redonda, se abordar\u00e1 tanto el papel del <b>dato y la inteligencia artificial<\/b> como <b>las tendencias clave<\/b> que est\u00e1n definiendo el presente y el futuro del sector desde una perspectiva global, incluyendo la transformaci\u00f3n de los modelos de negocio, la evoluci\u00f3n de las din\u00e1micas de consumo, la gesti\u00f3n de activos y la expansi\u00f3n de marcas.<\/p>\n<p>Este encuentro ofrecer\u00e1 una visi\u00f3n estrat\u00e9gica y pr\u00e1ctica sobre c\u00f3mo la combinaci\u00f3n de tecnolog\u00eda, conocimiento del mercado y colaboraci\u00f3n puede impulsar el crecimiento y la creaci\u00f3n de valor en el sector.<\/p>\n<p><!-- Programa --><\/p>\n<h2 style=\"margin-top: 48px;\">Programa del evento<\/h2>\n<div style=\"background: #f8fafc; border-radius: 12px; padding: 28px 24px; margin: 16px 0 40px;\">\n<div style=\"display: flex; gap: 16px; margin-bottom: 20px; align-items: baseline;\">\n<p><span style=\"font-weight: bold; color: #31b1f8; white-space: nowrap; min-width: 70px;\">17:00 h<\/span><\/p>\n<div><b>Recepci\u00f3n de invitados y bienvenida.<\/b><\/div>\n<\/div>\n<div style=\"display: flex; gap: 16px; margin-bottom: 20px; align-items: baseline;\">\n<p><span style=\"font-weight: bold; color: #31b1f8; white-space: nowrap; min-width: 70px;\">17:25 h<\/span><\/p>\n<div><b>Mesa redonda:<\/b> An\u00e1lisis profundo de c\u00f3mo la inteligencia artificial y el uso estrat\u00e9gico de datos est\u00e1n transformando la colaboraci\u00f3n entre operadores y centros comerciales, optimizando operaciones, potenciando la experiencia del cliente y generando nuevas oportunidades de crecimiento conjunto.<\/div>\n<\/div>\n<div style=\"display: flex; gap: 16px; margin-bottom: 20px; align-items: baseline;\">\n<p><span style=\"font-weight: bold; color: #31b1f8; white-space: nowrap; min-width: 70px;\">19:00 h<\/span><\/p>\n<div><b>Vino espa\u00f1ol:<\/b> Te invitamos a disfrutar de un exquisito vino espa\u00f1ol, donde podr\u00e1s seguir discutiendo ideas y establecer nuevas conexiones.<\/div>\n<\/div>\n<div style=\"display: flex; gap: 16px; align-items: baseline;\">\n<p><span style=\"font-weight: bold; color: #31b1f8; white-space: nowrap; min-width: 70px;\">20:00 h<\/span><\/p>\n<div><b>Fin del evento.<\/b><\/div>\n<\/div>\n<\/div>\n<p><!-- Patrocinadores --><\/p>\n<h2 style=\"margin-top: 48px;\">Patrocinadores<\/h2>\n<p>Flame Talks 2026 cuenta con el apoyo de:<\/p>\n<ul>\n<li><b>Cad&amp;Lan<\/b> \u2014 Fundada en 1990, es una empresa especializada en infraestructuras digitales, comunicaciones y centros de datos. Ha desarrollado numerosos proyectos en centros comerciales, ofreciendo soluciones tecnol\u00f3gicas integrales desde consultor\u00eda hasta mantenimiento. Su certificaci\u00f3n ISO 27001 refuerza su compromiso con la seguridad de la informaci\u00f3n.<\/li>\n<\/ul>\n<p>&nbsp;<\/p>\n<ul>\n<li><b>Dahua<\/b> \u2014 Especializada en seguridad y videovigilancia. Es uno de los mayores fabricantes de c\u00e1maras de seguridad, sistemas de control de acceso y soluciones de videoan\u00e1lisis basadas en inteligencia artificial. En el contexto de centros comerciales y retail, Dahua ofrece tecnolog\u00eda para conteo de personas, reconocimiento facial, control de accesos y sistemas de videovigilancia inteligente con anal\u00edtica avanzada.<\/li>\n<\/ul>\n<p>&nbsp;<\/p>\n<ul>\n<li><b>La Asociaci\u00f3n Espa\u00f1ola del Retail (AER)<\/b> \u2014 Es la principal entidad representativa del sector retail en Espa\u00f1a, concebida como una casa com\u00fan para profesionales, empresas retailers, proveedores de servicios y entidades acad\u00e9micas. Fundada en 2019, su misi\u00f3n es fomentar el an\u00e1lisis, la difusi\u00f3n y la profesionalizaci\u00f3n de la industria del retail a trav\u00e9s de investigaci\u00f3n, eventos, observatorios especializados, foros y contenidos estrat\u00e9gicos. Hoy d\u00eda, la AER se ha consolidado como uno de los ecosistemas m\u00e1s amplios de Europa en torno al retail.<\/li>\n<\/ul>\n<p>&nbsp;<\/p>\n<ul>\n<li><b>Mass Retail<\/b> \u2014 Firma de consultor\u00eda especializada en retail y centros comerciales, con amplia experiencia en el mercado espa\u00f1ol. Ofrece servicios de consultor\u00eda estrat\u00e9gica, comercializaci\u00f3n y expansi\u00f3n de marcas, as\u00ed como gesti\u00f3n de activos inmobiliarios comerciales. Su enfoque se basa en aportar soluciones a medida que optimicen el rendimiento de los espacios y potencien el crecimiento sostenible de marcas y operadores.<\/li>\n<\/ul>\n<p>&nbsp;<\/p>\n<ul>\n<li><b><b>Tesela <\/b><\/b>\u2014 Tesela es una plataforma de IA geoespacial que revela el verdadero valor de cada zona o ubicaci\u00f3n y convierte los activos, f\u00edsicos y digitales, en inteligencia accionable. Datos de movilidad, audiencias y comportamiento real para decidir d\u00f3nde dar el siguiente paso con el mayor impacto: d\u00f3nde abrir, a qui\u00e9n impactar y c\u00f3mo activar con precisi\u00f3n. Sin intuici\u00f3n.\n<div><\/div>\n<\/li>\n<li><strong>Deneva<\/strong> \u2014 Deneva es una empresa tecnol\u00f3gica espa\u00f1ola especializada en soluciones de digital signage (carteler\u00eda digital), que permite a las organizaciones gestionar y distribuir contenidos audiovisuales de forma centralizada en m\u00faltiples pantallas. Su plataforma, flexible y escalable, facilita la comunicaci\u00f3n visual en tiempo real, ayudando a empresas de sectores como el retail, transporte o corporativo a mejorar la experiencia del cliente y optimizar la difusi\u00f3n de informaci\u00f3n. Con m\u00e1s de 30 a\u00f1os de experiencia, Deneva destaca por su enfoque innovador, integrando tecnolog\u00edas avanzadas para crear entornos digitales interactivos y eficientes.<\/li>\n<\/ul>\n<p>&nbsp;<\/p>\n<ul>\n<li><strong data-start=\"0\" data-end=\"13\" data-is-only-node=\"\">Meridiana<\/strong> \u2014 Meridiana es una empresa especializada en internacionalizaci\u00f3n e inversi\u00f3n inmobiliaria, con presencia en mercados europeos y LATAM. Act\u00faa como representante de ferias internacionales del sector y, a su vez, desarrolla proyectos de inversi\u00f3n en activos inmobiliarios, aportando soluciones en la gesti\u00f3n y adquisici\u00f3n de oportunidades de valor a\u00f1adido.<\/li>\n<\/ul>\n<p>&nbsp;<\/p>\n<p><b>Media Partners:<\/b> Just Retail \u00b7 Hi Retail<\/p>\n<p><!-- Ediciones anteriores --><\/p>\n<h2 style=\"margin-top: 48px;\">Ediciones anteriores<\/h2>\n<p><a style=\"color: #31b1f8;\" href=\"https:\/\/www.youtube.com\/watch?v=uSSFT0NohSA\" target=\"_blank\" rel=\"noopener\"><b>Flame Talks 2023<\/b><\/a> cont\u00f3 con la participaci\u00f3n de:<\/p>\n<ul>\n<li><b>Sergio Garc\u00eda<\/b>, Director de Retail Iberia en Grupo Lar<\/li>\n<li><b>Luis Espadas<\/b>, Director ejecutivo de Retail en Savills<\/li>\n<li><b>Paul Santos Robson<\/b>, Director de Retail Iberia en CBRE<\/li>\n<li><b>Raquel Montabes<\/b>, Directora de Leasing en URW<\/li>\n<\/ul>\n<p>&nbsp;<\/p>\n<p>Los expertos hicieron un an\u00e1lisis del sector. Se habl\u00f3 de crisis, incertidumbre macroecon\u00f3mica, inversi\u00f3n, tendencias, consumidor, tecnolog\u00eda y del futuro del sector.<\/p>\n<p><img decoding=\"async\" style=\"margin: 12px 0 40px;\" src=\"https:\/\/flameanalytics.com\/wp-content\/uploads\/2026\/04\/flame-talks-ediciones-1.jpg\" alt=\"Flame Talks 2023\" width=\"1920\" height=\"1279\" \/><\/p>\n<p>La mesa redonda de <b>2024<\/b> cont\u00f3 con la participaci\u00f3n de:<\/p>\n<ul>\n<li><b>Alberto Rodr\u00edguez<\/b>, Director General de Carmila Espa\u00f1a<\/li>\n<li><b>Carlos Homet<\/b>, Country Manager para Espa\u00f1a en URW<\/li>\n<li><b>Luis L\u00e1zaro<\/b>, Director general de Retail y Log\u00edstica de Merlin Properties<\/li>\n<li><b>Rafael Mateu<\/b>, Director del \u00e1rea de Retail en Espa\u00f1a y de asset services en Cushman &amp; Wakefield<\/li>\n<li><b>Laetitia Ferracci<\/b>, Directora general para Espa\u00f1a y Portugal en Klepierre<\/li>\n<\/ul>\n<p>&nbsp;<\/p>\n<p>Compartieron su visi\u00f3n sobre el panorama actual, los desaf\u00edos macroecon\u00f3micos, las oportunidades de inversi\u00f3n, las nuevas tendencias, el impacto de la tecnolog\u00eda.<\/p>\n<p><img decoding=\"async\" style=\"margin: 12px 0 40px;\" src=\"https:\/\/flameanalytics.com\/wp-content\/uploads\/2026\/04\/flame-talks-ediciones-6.jpg\" alt=\"Flame Talks 2024\" width=\"1920\" height=\"1440\" \/><\/p>\n<p>La mesa redonda de <a style=\"color: #31b1f8;\" href=\"https:\/\/www.youtube.com\/watch?v=nVyNay9m2lQ\" target=\"_blank\" rel=\"noopener\"><b>Flame Talks 2025<\/b><\/a> cont\u00f3 con la participaci\u00f3n de:<\/p>\n<ul>\n<li><b>Miguel Santandreu<\/b> \u2013 Grupo Indotek<\/li>\n<li><b>Manuel Ib\u00e1\u00f1ez<\/b> \u2013 DWS<\/li>\n<li><b>Alfonso Brunet<\/b> \u2013 Castellana Properties<\/li>\n<li><b>Gonzalo Senra<\/b> \u2013 Urcolesa Proviarve<\/li>\n<\/ul>\n<p>&nbsp;<\/p>\n<p>Durante la sesi\u00f3n, los expertos compartieron su visi\u00f3n sobre el panorama actual del sector, los desaf\u00edos macroecon\u00f3micos, las oportunidades de inversi\u00f3n, las nuevas tendencias y el impacto de la tecnolog\u00eda en la gesti\u00f3n de centros comerciales.<\/p>\n<p><img loading=\"lazy\" decoding=\"async\" style=\"margin: 12px 0 16px;\" src=\"https:\/\/flameanalytics.com\/wp-content\/uploads\/2026\/04\/32A15C9C-25A9-4C2E-8F4C-8B7B98E19420-scaled.jpg\" alt=\"Flame Talks 2025\" width=\"2560\" height=\"1440\" \/><\/p>\n<p><!-- CTA FINAL --><\/p>\n<div style=\"background: linear-gradient(135deg, #15163A 0%, #1e2054 100%); border-radius: 16px; padding: 40px 36px; text-align: center; margin: 48px 0;\">\n<p style=\"font-size: 22px; font-weight: bold; color: #ffffff; margin: 0 0 8px 0; line-height: 1.3;\">Reserva tu plaza ahora<\/p>\n<p style=\"font-size: 16px; color: rgba(255,255,255,0.75); margin: 0 0 24px 0; max-width: 500px; display: inline-block;\">No dejes pasar la oportunidad de participar en este evento exclusivo. Las plazas son limitadas.<\/p>\n<p><a style=\"display: inline-block; background: #31B1F8; color: #ffffff; font-size: 16px; font-weight: 600; padding: 14px 40px; border-radius: 30px; text-decoration: none;\" href=\"https:\/\/flameanalytics.com\/es\/flame-eventos\/\">Inscr\u00edbete aqu\u00ed<\/a><\/p>\n<\/div>\n<p style=\"text-align: center; color: #5f6f82;\">Flame Talks 2026 reunir\u00e1 a los l\u00edderes m\u00e1s destacados del sector para compartir experiencias, debatir sobre tendencias y explorar nuevas oportunidades de crecimiento conjunto. \u00a1Te esperamos!<\/p>\n","protected":false},"excerpt":{"rendered":"<p>Madrid acoger\u00e1 el pr\u00f3ximo jueves 7 de mayo de 2026 la cuarta edici\u00f3n de Flame Talks 2026, un encuentro clave para profesionales del sector retail y centros comerciales que buscan entender c\u00f3mo la inteligencia artificial est\u00e1 transformando el negocio y generando nuevas oportunidades de crecimiento conjunto. El evento tendr\u00e1 lugar en el espacio Green Patio, Sala 25 (Calle Salamanca, 23, Tetu\u00e1n, Madrid), y reunir\u00e1 a destacados l\u00edderes del sector que compartir\u00e1n su visi\u00f3n sobre la evoluci\u00f3n del retail hacia modelos impulsados por datos y agentes de IA. Este a\u00f1o contamos con la participaci\u00f3n de cuatro ponentes de referencia: Gonzalo G\u00f3mez Garde \u2013 Managing Director en Gentalia Antonio Rodr\u00edguez de la Paz \u2013 Head of Retail Operations en MR DIY Spain V\u00edctor Fern\u00e1ndez Zapata \u2013 Head of Asset Management en Merlin Properties Juan Manuel Lema \u2013 Co-Owner de Chalito &nbsp; Flame Talks, ya en su cuarta edici\u00f3n, se consolida como un encuentro imprescindible para los profesionales del sector de los centros comerciales y retail, tras el \u00e9xito de sus anteriores ediciones. \u00a1\u00danete para descubrir las claves del futuro del sector en una experiencia \u00fanica! \u00bfQuieres ser parte de Flame Talks 2026? Plazas limitadas. Inscr\u00edbete ahora y reserva la tuya. Inscr\u00edbete aqu\u00ed &nbsp; Detalles del evento \ud83d\udcc5 Fecha: Jueves 7 de mayo de 2026 \ud83d\udd50 Hora: 17:00 h \ud83d\udccd Lugar: Espacio Green Patio, Sala 25 \u2014 C. de Salamanca, 23, Tetu\u00e1n, 28020 Madrid Ponentes Gonzalo G\u00f3mez Garde \u2013 Gentalia Gonzalo G\u00f3mez Garde es Managing Director de Gentalia y cuenta con una s\u00f3lida trayectoria de m\u00e1s de 15 a\u00f1os en el sector del retail y el real estate. Desde su incorporaci\u00f3n en 2015, ha desempe\u00f1ado un papel clave en el crecimiento de la compa\u00f1\u00eda, liderando \u00e1reas como el desarrollo de negocio, comercializaci\u00f3n y gesti\u00f3n de activos comerciales. Actualmente dirige la estrategia global de Gentalia, impulsando la creaci\u00f3n de valor en portfolios de centros y parques comerciales en toda Espa\u00f1a. A lo largo de su carrera ha trabajado en firmas como Soci\u00e9t\u00e9 G\u00e9n\u00e9rale, Aguirre Newman, Knight Frank y Riofisa. Es Consejero de Vivia, plataforma de gesti\u00f3n integral de alquiler residencial, y miembro de la Junta Directiva de la AECC. Antonio Rodr\u00edguez de la Paz \u2013 MR DIY Antonio Rodr\u00edguez de la Paz es Head of Retail Operations en MR DIY Spain, donde lidera las operaciones del negocio con foco en expansi\u00f3n, gesti\u00f3n de equipos y optimizaci\u00f3n de procesos dentro del mercado espa\u00f1ol. Cuenta con una s\u00f3lida trayectoria en el sector retail, habiendo desempe\u00f1ado cargos de responsabilidad en compa\u00f1\u00edas l\u00edderes como Douglas y The Body Shop Iberia, donde contribuy\u00f3 al crecimiento de la marca y al desarrollo de estrategias comerciales efectivas. Su experiencia combina direcci\u00f3n operativa con visi\u00f3n estrat\u00e9gica para impulsar la consolidaci\u00f3n y crecimiento de formatos retail en entornos competitivos. V\u00edctor Fern\u00e1ndez Zapata \u2013 Merlin Properties V\u00edctor Fern\u00e1ndez Zapata es Head of Asset Management en Merlin Properties, donde dirige la estrategia de gesti\u00f3n y rendimiento de una amplia cartera de centros comerciales. Con una dilatada trayectoria en real estate, acumula experiencia en optimizaci\u00f3n de activos, maximizaci\u00f3n de ingresos y desarrollo de proyectos que responden a las nuevas din\u00e1micas del mercado. A lo largo de su carrera ha participado en procesos de reposicionamiento y transformaci\u00f3n de espacios comerciales para adaptarlos a las necesidades de clientes y operadores. Su enfoque combina an\u00e1lisis financiero con visi\u00f3n operativa para generar valor sostenible en el sector inmobiliario. Joaqu\u00edn Martos \u2013 Grupo Chalito Joaqu\u00edn Martos se ha consolidado como el principal impulsor operativo del crecimiento de Chalito, liderando su expansi\u00f3n de 5 a 24 locales en apenas dieciocho meses. Su visi\u00f3n estrat\u00e9gica y enfoque en la excelencia han permitido escalar el negocio a gran velocidad sin perder la esencia artesanal de la marca, gracias a una s\u00f3lida estandarizaci\u00f3n de procesos y una acertada gesti\u00f3n del talento. Como Director de Operaciones, ha transformado la rentabilidad y sostenibilidad del grupo mediante un control riguroso de los costes de Food &amp; Beverage, sentando las bases de una expansi\u00f3n eficiente. Su capacidad para equilibrar la complejidad operativa con la atenci\u00f3n al detalle lo posiciona como una figura clave en el presente y futuro de la compa\u00f1\u00eda. Contenido de la mesa redonda En la cuarta edici\u00f3n de Flame Talks, bajo la tem\u00e1tica \u00abCentros Comerciales y Retail: del dato al agente de IA para crecer juntos\u00bb, se reunir\u00e1 a destacados l\u00edderes del sector para analizar c\u00f3mo la integraci\u00f3n de datos y herramientas de inteligencia artificial est\u00e1 transformando la colaboraci\u00f3n entre centros comerciales y el sector retail, en un contexto de constante cambio y evoluci\u00f3n. La sesi\u00f3n ser\u00e1 moderada por Oscar Garc\u00eda Mar\u00edn, Chief Sales Officer en Flame Analytics, quien aportar\u00e1 su experiencia para guiar un debate din\u00e1mico, centrado en los principales retos y oportunidades del mercado. Durante la mesa redonda, se abordar\u00e1 tanto el papel del dato y la inteligencia artificial como las tendencias clave que est\u00e1n definiendo el presente y el futuro del sector desde una perspectiva global, incluyendo la transformaci\u00f3n de los modelos de negocio, la evoluci\u00f3n de las din\u00e1micas de consumo, la gesti\u00f3n de activos y la expansi\u00f3n de marcas. Este encuentro ofrecer\u00e1 una visi\u00f3n estrat\u00e9gica y pr\u00e1ctica sobre c\u00f3mo la combinaci\u00f3n de tecnolog\u00eda, conocimiento del mercado y colaboraci\u00f3n puede impulsar el crecimiento y la creaci\u00f3n de valor en el sector. Programa del evento 17:00 h Recepci\u00f3n de invitados y bienvenida. 17:25 h Mesa redonda: An\u00e1lisis profundo de c\u00f3mo la inteligencia artificial y el uso estrat\u00e9gico de datos est\u00e1n transformando la colaboraci\u00f3n entre operadores y centros comerciales, optimizando operaciones, potenciando la experiencia del cliente y generando nuevas oportunidades de crecimiento conjunto. 19:00 h Vino espa\u00f1ol: Te invitamos a disfrutar de un exquisito vino espa\u00f1ol, donde podr\u00e1s seguir discutiendo ideas y establecer nuevas conexiones. 20:00 h Fin del evento. Patrocinadores Flame Talks 2026 cuenta con el apoyo de: Cad&amp;Lan \u2014 Fundada en 1990, es una empresa especializada en infraestructuras digitales, comunicaciones y centros de datos. Ha desarrollado numerosos proyectos en centros comerciales, ofreciendo soluciones tecnol\u00f3gicas integrales desde consultor\u00eda hasta mantenimiento. Su certificaci\u00f3n ISO 27001 refuerza su compromiso con la seguridad de la informaci\u00f3n.<\/p>\n","protected":false},"author":1,"featured_media":93518,"comment_status":"closed","ping_status":"closed","sticky":false,"template":"","format":"standard","meta":{"_acf_changed":false,"footnotes":""},"categories":[457,643],"tags":[],"class_list":["post-92917","post","type-post","status-publish","format-standard","has-post-thumbnail","hentry","category-blog","category-eventos"],"acf":[],"_links":{"self":[{"href":"https:\/\/flameanalytics.com\/es\/wp-json\/wp\/v2\/posts\/92917","targetHints":{"allow":["GET"]}}],"collection":[{"href":"https:\/\/flameanalytics.com\/es\/wp-json\/wp\/v2\/posts"}],"about":[{"href":"https:\/\/flameanalytics.com\/es\/wp-json\/wp\/v2\/types\/post"}],"author":[{"embeddable":true,"href":"https:\/\/flameanalytics.com\/es\/wp-json\/wp\/v2\/users\/1"}],"replies":[{"embeddable":true,"href":"https:\/\/flameanalytics.com\/es\/wp-json\/wp\/v2\/comments?post=92917"}],"version-history":[{"count":20,"href":"https:\/\/flameanalytics.com\/es\/wp-json\/wp\/v2\/posts\/92917\/revisions"}],"predecessor-version":[{"id":93522,"href":"https:\/\/flameanalytics.com\/es\/wp-json\/wp\/v2\/posts\/92917\/revisions\/93522"}],"wp:featuredmedia":[{"embeddable":true,"href":"https:\/\/flameanalytics.com\/es\/wp-json\/wp\/v2\/media\/93518"}],"wp:attachment":[{"href":"https:\/\/flameanalytics.com\/es\/wp-json\/wp\/v2\/media?parent=92917"}],"wp:term":[{"taxonomy":"category","embeddable":true,"href":"https:\/\/flameanalytics.com\/es\/wp-json\/wp\/v2\/categories?post=92917"},{"taxonomy":"post_tag","embeddable":true,"href":"https:\/\/flameanalytics.com\/es\/wp-json\/wp\/v2\/tags?post=92917"}],"curies":[{"name":"wp","href":"https:\/\/api.w.org\/{rel}","templated":true}]}}